{"id":4451,"date":"2019-05-24T12:09:30","date_gmt":"2019-05-24T16:09:30","guid":{"rendered":"https:\/\/www.xnquebec.co\/?p=4451"},"modified":"2019-07-02T11:27:20","modified_gmt":"2019-07-02T15:27:20","slug":"call-for-interest-2019-this-is-quebec-in-tokyo","status":"publish","type":"post","link":"https:\/\/www.xnquebec.co\/en\/news-xn\/call-for-interest-2019-this-is-quebec-in-tokyo\/","title":{"rendered":"CALL FOR INTEREST | 2019 \u201cTHIS IS QU\u00c9BEC\u201d IN TOKYO"},"content":{"rendered":"\n<p>Xn Qu\u00e9bec, in partnership with the government of Qu\u00e9bec, invites digital entrepreneurs all around Qu\u00e9bec to submit their project as part of the \u201cThis is Qu\u00e9bec\u201d showcase event, which will be held from December 11 to 13, 2019 in the district of Shibuya in Tokyo on the sidelines of MUTEK Tokyo.<\/p>\n\n\n\n<p>Entrepreneurs have until <strong>July 12, 2019<\/strong> to let us know of their interest in taking part in the event as an exhibitor.<\/p>\n\n\n\n<div style=\"height:20px\" aria-hidden=\"true\" class=\"wp-block-spacer\" data-block-type=\"core\"><\/div>\n\n\n\n<div class=\"wp-block-columns has-2-columns is-layout-flex wp-container-core-columns-is-layout-9d6595d7 wp-block-columns-is-layout-flex\" data-block-type=\"core\">\n<div class=\"wp-block-column is-layout-flow wp-block-column-is-layout-flow\" data-block-type=\"core\">\n<div class=\"wp-block-button is-style-squared\" data-block-type=\"core\"><a class=\"wp-block-button__link has-background has-very-dark-gray-background-color\" href=\"https:\/\/www.xnquebec.co\/wp-content\/uploads\/2019\/06\/EN-call_for_projects.pdf\">View the call for interest<\/a><\/div>\n<\/div>\n\n\n\n<div class=\"wp-block-column is-layout-flow wp-block-column-is-layout-flow\" data-block-type=\"core\">\n<div class=\"wp-block-button is-style-squared\" data-block-type=\"core\"><a class=\"wp-block-button__link has-background has-very-dark-gray-background-color\" href=\"https:\/\/docs.google.com\/forms\/d\/e\/1FAIpQLSf0PCHiuLbO8y4UYBPQ3aVUZjQjx8G81oGkxuNGwc-ExKOhdA\/viewform?usp=sf_link\">Submit a project<\/a><\/div>\n<\/div>\n<\/div>\n\n\n\n<p><strong>About This is Quebec<\/strong><\/p>\n\n\n\n<p>Truly a\nwindow on the world, \u201cThis is Qu\u00e9bec\u201d is a tour of some of the world\u2019s leading\ncities, including Shanghai, Tokyo, Seoul, and Mexico City, designed to promote\nQu\u00e9bec\u2019s creative industries and build sustainable business relationships in\nvarious markets around the world.<\/p>\n\n\n\n<figure class=\"wp-block-image is-resized\" data-block-type=\"core\"><img loading=\"lazy\" decoding=\"async\" src=\"https:\/\/www.xnquebec.co\/wp-content\/uploads\/2019\/05\/anglais-partenaires-seulement--700x72.png\" alt=\"\" class=\"wp-image-4455\" width=\"493\" height=\"50\" srcset=\"https:\/\/www.xnquebec.co\/wp-content\/uploads\/2019\/05\/anglais-partenaires-seulement--700x72.png 700w, https:\/\/www.xnquebec.co\/wp-content\/uploads\/2019\/05\/anglais-partenaires-seulement--250x26.png 250w, https:\/\/www.xnquebec.co\/wp-content\/uploads\/2019\/05\/anglais-partenaires-seulement--768x79.png 768w, https:\/\/www.xnquebec.co\/wp-content\/uploads\/2019\/05\/anglais-partenaires-seulement--120x12.png 120w, https:\/\/www.xnquebec.co\/wp-content\/uploads\/2019\/05\/anglais-partenaires-seulement-.png 1000w\" sizes=\"auto, 100vw\" \/><\/figure>\n","protected":false},"excerpt":{"rendered":"Xn Qu\u00e9bec, in partnership with the government of Qu\u00e9bec, invites digital entrepreneurs all around Qu\u00e9bec to submit their project as part of the \u201cThis is Qu\u00e9bec\u201d showcase event, which will be held from December 11 to 13, 2019 in the district of Shibuya in Tokyo on the sidelines of MUTEK Tokyo. Entrepreneurs have until July&#8230; <a class=\"view-article\" href=\"https:\/\/www.xnquebec.co\/en\/news-xn\/call-for-interest-2019-this-is-quebec-in-tokyo\/\">View Article<\/a>","protected":false},"author":406,"featured_media":4374,"comment_status":"closed","ping_status":"closed","sticky":false,"template":"","format":"standard","meta":{"_acf_changed":false,"inline_featured_image":false,"footnotes":""},"categories":[70],"tags":[],"class_list":["post-4451","post","type-post","status-publish","format-standard","has-post-thumbnail","hentry","category-news-xn"],"acf":[],"featured_image_urls_v2":{"full":["https:\/\/www.xnquebec.co\/wp-content\/uploads\/2019\/05\/effet_quebec_tokyo.jpg",3600,2025,false],"thumbnail":["https:\/\/www.xnquebec.co\/wp-content\/uploads\/2019\/05\/effet_quebec_tokyo-150x150.jpg",150,150,true],"medium":["https:\/\/www.xnquebec.co\/wp-content\/uploads\/2019\/05\/effet_quebec_tokyo-250x141.jpg",250,141,true],"medium_large":["https:\/\/www.xnquebec.co\/wp-content\/uploads\/2019\/05\/effet_quebec_tokyo-768x432.jpg",768,432,true],"large":["https:\/\/www.xnquebec.co\/wp-content\/uploads\/2019\/05\/effet_quebec_tokyo-700x394.jpg",700,394,true],"1536x1536":["https:\/\/www.xnquebec.co\/wp-content\/uploads\/2019\/05\/effet_quebec_tokyo.jpg",1536,864,false],"2048x2048":["https:\/\/www.xnquebec.co\/wp-content\/uploads\/2019\/05\/effet_quebec_tokyo.jpg",2048,1152,false],"small":["https:\/\/www.xnquebec.co\/wp-content\/uploads\/2019\/05\/effet_quebec_tokyo-120x68.jpg",120,68,true],"custom-size":["https:\/\/www.xnquebec.co\/wp-content\/uploads\/2019\/05\/effet_quebec_tokyo-700x200.jpg",700,200,true],"logos-membres-a":["https:\/\/www.xnquebec.co\/wp-content\/uploads\/2019\/05\/effet_quebec_tokyo-300x120.jpg",300,120,true],"gform-image-choice-sm":["https:\/\/www.xnquebec.co\/wp-content\/uploads\/2019\/05\/effet_quebec_tokyo.jpg",300,169,false],"gform-image-choice-md":["https:\/\/www.xnquebec.co\/wp-content\/uploads\/2019\/05\/effet_quebec_tokyo.jpg",400,225,false],"gform-image-choice-lg":["https:\/\/www.xnquebec.co\/wp-content\/uploads\/2019\/05\/effet_quebec_tokyo.jpg",600,338,false]},"post_excerpt_stackable_v2":"Xn Qu\u00e9bec, in partnership with the government of Qu\u00e9bec, invites digital entrepreneurs all around Qu\u00e9bec to submit their project as part of the \u201cThis is Qu\u00e9bec\u201d showcase event, which will be held from December 11 to 13, 2019 in the district of Shibuya in Tokyo on the sidelines of MUTEK Tokyo. Entrepreneurs have until July 12, 2019 to let us know of their interest in taking part in the event as an exhibitor. View the call for interest Submit a project About This is Quebec Truly a window on the world, \u201cThis is Qu\u00e9bec\u201d is a tour of some of&hellip;","category_list_v2":"<a href=\"https:\/\/www.xnquebec.co\/en\/category\/news-xn\/\" rel=\"tag\">News Xn<\/a>","author_info_v2":{"name":"Jeanne Dompierre","url":"https:\/\/www.xnquebec.co\/en\/author\/jeannexnquebec-co\/"},"comments_num_v2":"0 comments","yoast_head":"<!-- This site is optimized with the Yoast SEO plugin v27.5 - https:\/\/yoast.com\/product\/yoast-seo-wordpress\/ -->\n<title>CALL FOR INTEREST | 2019 \u201cTHIS IS QU\u00c9BEC\u201d IN TOKYO - XN Qu\u00e9bec<\/title>\n<meta name=\"robots\" content=\"index, follow, max-snippet:-1, max-image-preview:large, max-video-preview:-1\" \/>\n<link rel=\"canonical\" href=\"https:\/\/www.xnquebec.co\/en\/news-xn\/call-for-interest-2019-this-is-quebec-in-tokyo\/\" \/>\n<meta property=\"og:locale\" content=\"en_US\" \/>\n<meta property=\"og:type\" content=\"article\" \/>\n<meta property=\"og:title\" content=\"Appel \u00e0 manifestation d&#039;int\u00e9r\u00eat :: L&#039;Effet Qu\u00e9bec 2019 \u00e0 Tokyo\" \/>\n<meta property=\"og:description\" content=\"Xn Qu\u00e9bec, in partnership with the government of Qu\u00e9bec, invites digital entrepreneurs all around Qu\u00e9bec to submit their project as part of the \u201cThis is Qu\u00e9bec\u201d showcase event, which will be held from December 11 to 13, 2019 in the district of Shibuya in Tokyo on the sidelines of MUTEK Tokyo. Entrepreneurs have until July... View Article\" \/>\n<meta property=\"og:url\" content=\"https:\/\/www.xnquebec.co\/en\/news-xn\/call-for-interest-2019-this-is-quebec-in-tokyo\/\" \/>\n<meta property=\"og:site_name\" content=\"XN Qu\u00e9bec\" \/>\n<meta property=\"article:publisher\" content=\"https:\/\/www.facebook.com\/XnQuebec\/\" \/>\n<meta property=\"article:published_time\" content=\"2019-05-24T16:09:30+00:00\" \/>\n<meta property=\"article:modified_time\" content=\"2019-07-02T15:27:20+00:00\" \/>\n<meta property=\"og:image\" content=\"https:\/\/www.xnquebec.co\/wp-content\/uploads\/2019\/05\/effet_quebec_tokyo.jpg\" \/>\n\t<meta property=\"og:image:width\" content=\"3600\" \/>\n\t<meta property=\"og:image:height\" content=\"2025\" \/>\n\t<meta property=\"og:image:type\" content=\"image\/jpeg\" \/>\n<meta name=\"author\" content=\"Jeanne Dompierre\" \/>\n<meta name=\"twitter:label1\" content=\"Written by\" \/>\n\t<meta name=\"twitter:data1\" content=\"Jeanne Dompierre\" \/>\n\t<meta name=\"twitter:label2\" content=\"Est. reading time\" \/>\n\t<meta name=\"twitter:data2\" content=\"1 minute\" \/>\n<script type=\"application\/ld+json\" class=\"yoast-schema-graph\">{\"@context\":\"https:\\\/\\\/schema.org\",\"@graph\":[{\"@type\":\"Article\",\"@id\":\"https:\\\/\\\/www.xnquebec.co\\\/en\\\/news-xn\\\/call-for-interest-2019-this-is-quebec-in-tokyo\\\/#article\",\"isPartOf\":{\"@id\":\"https:\\\/\\\/www.xnquebec.co\\\/en\\\/news-xn\\\/call-for-interest-2019-this-is-quebec-in-tokyo\\\/\"},\"author\":{\"name\":\"Jeanne Dompierre\",\"@id\":\"https:\\\/\\\/www.xnquebec.co\\\/#\\\/schema\\\/person\\\/d6ad839b728bebdac68118009c24987b\"},\"headline\":\"CALL FOR INTEREST | 2019 \u201cTHIS IS QU\u00c9BEC\u201d IN TOKYO\",\"datePublished\":\"2019-05-24T16:09:30+00:00\",\"dateModified\":\"2019-07-02T15:27:20+00:00\",\"mainEntityOfPage\":{\"@id\":\"https:\\\/\\\/www.xnquebec.co\\\/en\\\/news-xn\\\/call-for-interest-2019-this-is-quebec-in-tokyo\\\/\"},\"wordCount\":140,\"publisher\":{\"@id\":\"https:\\\/\\\/www.xnquebec.co\\\/#organization\"},\"image\":{\"@id\":\"https:\\\/\\\/www.xnquebec.co\\\/en\\\/news-xn\\\/call-for-interest-2019-this-is-quebec-in-tokyo\\\/#primaryimage\"},\"thumbnailUrl\":\"https:\\\/\\\/www.xnquebec.co\\\/wp-content\\\/uploads\\\/2019\\\/05\\\/effet_quebec_tokyo.jpg\",\"articleSection\":[\"News Xn\"],\"inLanguage\":\"en-CA\"},{\"@type\":\"WebPage\",\"@id\":\"https:\\\/\\\/www.xnquebec.co\\\/en\\\/news-xn\\\/call-for-interest-2019-this-is-quebec-in-tokyo\\\/\",\"url\":\"https:\\\/\\\/www.xnquebec.co\\\/en\\\/news-xn\\\/call-for-interest-2019-this-is-quebec-in-tokyo\\\/\",\"name\":\"CALL FOR INTEREST | 2019 \u201cTHIS IS QU\u00c9BEC\u201d IN TOKYO - XN Qu\u00e9bec\",\"isPartOf\":{\"@id\":\"https:\\\/\\\/www.xnquebec.co\\\/#website\"},\"primaryImageOfPage\":{\"@id\":\"https:\\\/\\\/www.xnquebec.co\\\/en\\\/news-xn\\\/call-for-interest-2019-this-is-quebec-in-tokyo\\\/#primaryimage\"},\"image\":{\"@id\":\"https:\\\/\\\/www.xnquebec.co\\\/en\\\/news-xn\\\/call-for-interest-2019-this-is-quebec-in-tokyo\\\/#primaryimage\"},\"thumbnailUrl\":\"https:\\\/\\\/www.xnquebec.co\\\/wp-content\\\/uploads\\\/2019\\\/05\\\/effet_quebec_tokyo.jpg\",\"datePublished\":\"2019-05-24T16:09:30+00:00\",\"dateModified\":\"2019-07-02T15:27:20+00:00\",\"breadcrumb\":{\"@id\":\"https:\\\/\\\/www.xnquebec.co\\\/en\\\/news-xn\\\/call-for-interest-2019-this-is-quebec-in-tokyo\\\/#breadcrumb\"},\"inLanguage\":\"en-CA\",\"potentialAction\":[{\"@type\":\"ReadAction\",\"target\":[\"https:\\\/\\\/www.xnquebec.co\\\/en\\\/news-xn\\\/call-for-interest-2019-this-is-quebec-in-tokyo\\\/\"]}]},{\"@type\":\"ImageObject\",\"inLanguage\":\"en-CA\",\"@id\":\"https:\\\/\\\/www.xnquebec.co\\\/en\\\/news-xn\\\/call-for-interest-2019-this-is-quebec-in-tokyo\\\/#primaryimage\",\"url\":\"https:\\\/\\\/www.xnquebec.co\\\/wp-content\\\/uploads\\\/2019\\\/05\\\/effet_quebec_tokyo.jpg\",\"contentUrl\":\"https:\\\/\\\/www.xnquebec.co\\\/wp-content\\\/uploads\\\/2019\\\/05\\\/effet_quebec_tokyo.jpg\",\"width\":3600,\"height\":2025},{\"@type\":\"BreadcrumbList\",\"@id\":\"https:\\\/\\\/www.xnquebec.co\\\/en\\\/news-xn\\\/call-for-interest-2019-this-is-quebec-in-tokyo\\\/#breadcrumb\",\"itemListElement\":[{\"@type\":\"ListItem\",\"position\":1,\"name\":\"Accueil\",\"item\":\"https:\\\/\\\/www.xnquebec.co\\\/en\\\/\"},{\"@type\":\"ListItem\",\"position\":2,\"name\":\"CALL FOR INTEREST | 2019 \u201cTHIS IS QU\u00c9BEC\u201d IN TOKYO\"}]},{\"@type\":\"WebSite\",\"@id\":\"https:\\\/\\\/www.xnquebec.co\\\/#website\",\"url\":\"https:\\\/\\\/www.xnquebec.co\\\/\",\"name\":\"XN Qu\u00e9bec\",\"description\":\"L\u2019association des producteur.rice.s d\u2019exp\u00e9riences num\u00e9riques\",\"publisher\":{\"@id\":\"https:\\\/\\\/www.xnquebec.co\\\/#organization\"},\"potentialAction\":[{\"@type\":\"SearchAction\",\"target\":{\"@type\":\"EntryPoint\",\"urlTemplate\":\"https:\\\/\\\/www.xnquebec.co\\\/?s={search_term_string}\"},\"query-input\":{\"@type\":\"PropertyValueSpecification\",\"valueRequired\":true,\"valueName\":\"search_term_string\"}}],\"inLanguage\":\"en-CA\"},{\"@type\":\"Organization\",\"@id\":\"https:\\\/\\\/www.xnquebec.co\\\/#organization\",\"name\":\"Xn Qu\u00e9bec\",\"url\":\"https:\\\/\\\/www.xnquebec.co\\\/\",\"logo\":{\"@type\":\"ImageObject\",\"inLanguage\":\"en-CA\",\"@id\":\"https:\\\/\\\/www.xnquebec.co\\\/#\\\/schema\\\/logo\\\/image\\\/\",\"url\":\"https:\\\/\\\/www.xnquebec.co\\\/wp-content\\\/uploads\\\/2026\\\/04\\\/XNQuebec.Logo_.RGB_.Bleu_.png\",\"contentUrl\":\"https:\\\/\\\/www.xnquebec.co\\\/wp-content\\\/uploads\\\/2026\\\/04\\\/XNQuebec.Logo_.RGB_.Bleu_.png\",\"width\":5759,\"height\":1444,\"caption\":\"Xn Qu\u00e9bec\"},\"image\":{\"@id\":\"https:\\\/\\\/www.xnquebec.co\\\/#\\\/schema\\\/logo\\\/image\\\/\"},\"sameAs\":[\"https:\\\/\\\/www.facebook.com\\\/XnQuebec\\\/\",\"https:\\\/\\\/x.com\\\/xnquebec\",\"https:\\\/\\\/www.instagram.com\\\/xnquebec\\\/\",\"https:\\\/\\\/www.linkedin.com\\\/company\\\/xnquebec\\\/\"]},{\"@type\":\"Person\",\"@id\":\"https:\\\/\\\/www.xnquebec.co\\\/#\\\/schema\\\/person\\\/d6ad839b728bebdac68118009c24987b\",\"name\":\"Jeanne Dompierre\",\"image\":{\"@type\":\"ImageObject\",\"inLanguage\":\"en-CA\",\"@id\":\"https:\\\/\\\/secure.gravatar.com\\\/avatar\\\/3c25103702f7a6c3b960aadceb643b4be71c7d536b8982eeb3d71bd27c2c06ec?s=96&d=mm&r=g\",\"url\":\"https:\\\/\\\/secure.gravatar.com\\\/avatar\\\/3c25103702f7a6c3b960aadceb643b4be71c7d536b8982eeb3d71bd27c2c06ec?s=96&d=mm&r=g\",\"contentUrl\":\"https:\\\/\\\/secure.gravatar.com\\\/avatar\\\/3c25103702f7a6c3b960aadceb643b4be71c7d536b8982eeb3d71bd27c2c06ec?s=96&d=mm&r=g\",\"caption\":\"Jeanne Dompierre\"}}]}<\/script>\n<!-- \/ Yoast SEO plugin. -->","yoast_head_json":{"title":"CALL FOR INTEREST | 2019 \u201cTHIS IS QU\u00c9BEC\u201d IN TOKYO - XN Qu\u00e9bec","robots":{"index":"index","follow":"follow","max-snippet":"max-snippet:-1","max-image-preview":"max-image-preview:large","max-video-preview":"max-video-preview:-1"},"canonical":"https:\/\/www.xnquebec.co\/en\/news-xn\/call-for-interest-2019-this-is-quebec-in-tokyo\/","og_locale":"en_US","og_type":"article","og_title":"Appel \u00e0 manifestation d'int\u00e9r\u00eat :: L'Effet Qu\u00e9bec 2019 \u00e0 Tokyo","og_description":"Xn Qu\u00e9bec, in partnership with the government of Qu\u00e9bec, invites digital entrepreneurs all around Qu\u00e9bec to submit their project as part of the \u201cThis is Qu\u00e9bec\u201d showcase event, which will be held from December 11 to 13, 2019 in the district of Shibuya in Tokyo on the sidelines of MUTEK Tokyo. Entrepreneurs have until July... View Article","og_url":"https:\/\/www.xnquebec.co\/en\/news-xn\/call-for-interest-2019-this-is-quebec-in-tokyo\/","og_site_name":"XN Qu\u00e9bec","article_publisher":"https:\/\/www.facebook.com\/XnQuebec\/","article_published_time":"2019-05-24T16:09:30+00:00","article_modified_time":"2019-07-02T15:27:20+00:00","og_image":[{"width":3600,"height":2025,"url":"https:\/\/www.xnquebec.co\/wp-content\/uploads\/2019\/05\/effet_quebec_tokyo.jpg","type":"image\/jpeg"}],"author":"Jeanne Dompierre","twitter_misc":{"Written by":"Jeanne Dompierre","Est. reading time":"1 minute"},"schema":{"@context":"https:\/\/schema.org","@graph":[{"@type":"Article","@id":"https:\/\/www.xnquebec.co\/en\/news-xn\/call-for-interest-2019-this-is-quebec-in-tokyo\/#article","isPartOf":{"@id":"https:\/\/www.xnquebec.co\/en\/news-xn\/call-for-interest-2019-this-is-quebec-in-tokyo\/"},"author":{"name":"Jeanne Dompierre","@id":"https:\/\/www.xnquebec.co\/#\/schema\/person\/d6ad839b728bebdac68118009c24987b"},"headline":"CALL FOR INTEREST | 2019 \u201cTHIS IS QU\u00c9BEC\u201d IN TOKYO","datePublished":"2019-05-24T16:09:30+00:00","dateModified":"2019-07-02T15:27:20+00:00","mainEntityOfPage":{"@id":"https:\/\/www.xnquebec.co\/en\/news-xn\/call-for-interest-2019-this-is-quebec-in-tokyo\/"},"wordCount":140,"publisher":{"@id":"https:\/\/www.xnquebec.co\/#organization"},"image":{"@id":"https:\/\/www.xnquebec.co\/en\/news-xn\/call-for-interest-2019-this-is-quebec-in-tokyo\/#primaryimage"},"thumbnailUrl":"https:\/\/www.xnquebec.co\/wp-content\/uploads\/2019\/05\/effet_quebec_tokyo.jpg","articleSection":["News Xn"],"inLanguage":"en-CA"},{"@type":"WebPage","@id":"https:\/\/www.xnquebec.co\/en\/news-xn\/call-for-interest-2019-this-is-quebec-in-tokyo\/","url":"https:\/\/www.xnquebec.co\/en\/news-xn\/call-for-interest-2019-this-is-quebec-in-tokyo\/","name":"CALL FOR INTEREST | 2019 \u201cTHIS IS QU\u00c9BEC\u201d IN TOKYO - XN Qu\u00e9bec","isPartOf":{"@id":"https:\/\/www.xnquebec.co\/#website"},"primaryImageOfPage":{"@id":"https:\/\/www.xnquebec.co\/en\/news-xn\/call-for-interest-2019-this-is-quebec-in-tokyo\/#primaryimage"},"image":{"@id":"https:\/\/www.xnquebec.co\/en\/news-xn\/call-for-interest-2019-this-is-quebec-in-tokyo\/#primaryimage"},"thumbnailUrl":"https:\/\/www.xnquebec.co\/wp-content\/uploads\/2019\/05\/effet_quebec_tokyo.jpg","datePublished":"2019-05-24T16:09:30+00:00","dateModified":"2019-07-02T15:27:20+00:00","breadcrumb":{"@id":"https:\/\/www.xnquebec.co\/en\/news-xn\/call-for-interest-2019-this-is-quebec-in-tokyo\/#breadcrumb"},"inLanguage":"en-CA","potentialAction":[{"@type":"ReadAction","target":["https:\/\/www.xnquebec.co\/en\/news-xn\/call-for-interest-2019-this-is-quebec-in-tokyo\/"]}]},{"@type":"ImageObject","inLanguage":"en-CA","@id":"https:\/\/www.xnquebec.co\/en\/news-xn\/call-for-interest-2019-this-is-quebec-in-tokyo\/#primaryimage","url":"https:\/\/www.xnquebec.co\/wp-content\/uploads\/2019\/05\/effet_quebec_tokyo.jpg","contentUrl":"https:\/\/www.xnquebec.co\/wp-content\/uploads\/2019\/05\/effet_quebec_tokyo.jpg","width":3600,"height":2025},{"@type":"BreadcrumbList","@id":"https:\/\/www.xnquebec.co\/en\/news-xn\/call-for-interest-2019-this-is-quebec-in-tokyo\/#breadcrumb","itemListElement":[{"@type":"ListItem","position":1,"name":"Accueil","item":"https:\/\/www.xnquebec.co\/en\/"},{"@type":"ListItem","position":2,"name":"CALL FOR INTEREST | 2019 \u201cTHIS IS QU\u00c9BEC\u201d IN TOKYO"}]},{"@type":"WebSite","@id":"https:\/\/www.xnquebec.co\/#website","url":"https:\/\/www.xnquebec.co\/","name":"XN Qu\u00e9bec","description":"L\u2019association des producteur.rice.s d\u2019exp\u00e9riences num\u00e9riques","publisher":{"@id":"https:\/\/www.xnquebec.co\/#organization"},"potentialAction":[{"@type":"SearchAction","target":{"@type":"EntryPoint","urlTemplate":"https:\/\/www.xnquebec.co\/?s={search_term_string}"},"query-input":{"@type":"PropertyValueSpecification","valueRequired":true,"valueName":"search_term_string"}}],"inLanguage":"en-CA"},{"@type":"Organization","@id":"https:\/\/www.xnquebec.co\/#organization","name":"Xn Qu\u00e9bec","url":"https:\/\/www.xnquebec.co\/","logo":{"@type":"ImageObject","inLanguage":"en-CA","@id":"https:\/\/www.xnquebec.co\/#\/schema\/logo\/image\/","url":"https:\/\/www.xnquebec.co\/wp-content\/uploads\/2026\/04\/XNQuebec.Logo_.RGB_.Bleu_.png","contentUrl":"https:\/\/www.xnquebec.co\/wp-content\/uploads\/2026\/04\/XNQuebec.Logo_.RGB_.Bleu_.png","width":5759,"height":1444,"caption":"Xn Qu\u00e9bec"},"image":{"@id":"https:\/\/www.xnquebec.co\/#\/schema\/logo\/image\/"},"sameAs":["https:\/\/www.facebook.com\/XnQuebec\/","https:\/\/x.com\/xnquebec","https:\/\/www.instagram.com\/xnquebec\/","https:\/\/www.linkedin.com\/company\/xnquebec\/"]},{"@type":"Person","@id":"https:\/\/www.xnquebec.co\/#\/schema\/person\/d6ad839b728bebdac68118009c24987b","name":"Jeanne Dompierre","image":{"@type":"ImageObject","inLanguage":"en-CA","@id":"https:\/\/secure.gravatar.com\/avatar\/3c25103702f7a6c3b960aadceb643b4be71c7d536b8982eeb3d71bd27c2c06ec?s=96&d=mm&r=g","url":"https:\/\/secure.gravatar.com\/avatar\/3c25103702f7a6c3b960aadceb643b4be71c7d536b8982eeb3d71bd27c2c06ec?s=96&d=mm&r=g","contentUrl":"https:\/\/secure.gravatar.com\/avatar\/3c25103702f7a6c3b960aadceb643b4be71c7d536b8982eeb3d71bd27c2c06ec?s=96&d=mm&r=g","caption":"Jeanne Dompierre"}}]}},"_links":{"self":[{"href":"https:\/\/www.xnquebec.co\/en\/wp-json\/wp\/v2\/posts\/4451","targetHints":{"allow":["GET"]}}],"collection":[{"href":"https:\/\/www.xnquebec.co\/en\/wp-json\/wp\/v2\/posts"}],"about":[{"href":"https:\/\/www.xnquebec.co\/en\/wp-json\/wp\/v2\/types\/post"}],"author":[{"embeddable":true,"href":"https:\/\/www.xnquebec.co\/en\/wp-json\/wp\/v2\/users\/406"}],"replies":[{"embeddable":true,"href":"https:\/\/www.xnquebec.co\/en\/wp-json\/wp\/v2\/comments?post=4451"}],"version-history":[{"count":0,"href":"https:\/\/www.xnquebec.co\/en\/wp-json\/wp\/v2\/posts\/4451\/revisions"}],"wp:featuredmedia":[{"embeddable":true,"href":"https:\/\/www.xnquebec.co\/en\/wp-json\/wp\/v2\/media\/4374"}],"wp:attachment":[{"href":"https:\/\/www.xnquebec.co\/en\/wp-json\/wp\/v2\/media?parent=4451"}],"wp:term":[{"taxonomy":"category","embeddable":true,"href":"https:\/\/www.xnquebec.co\/en\/wp-json\/wp\/v2\/categories?post=4451"},{"taxonomy":"post_tag","embeddable":true,"href":"https:\/\/www.xnquebec.co\/en\/wp-json\/wp\/v2\/tags?post=4451"}],"curies":[{"name":"wp","href":"https:\/\/api.w.org\/{rel}","templated":true}]}}